{"id":5609,"date":"2021-12-05T22:49:46","date_gmt":"2021-12-05T21:49:46","guid":{"rendered":"https:\/\/www.hockey-aalen.de\/w9\/?p=5609"},"modified":"2021-12-05T22:51:59","modified_gmt":"2021-12-05T21:51:59","slug":"vl-mu12-die-hallensaison-ist-eroeffnet","status":"publish","type":"post","link":"https:\/\/www.hockey-aalen.de\/w9\/index.php\/2021\/12\/05\/vl-mu12-die-hallensaison-ist-eroeffnet\/","title":{"rendered":"VL mU12 &#8211; Die Hallensaison ist er\u00f6ffnet"},"content":{"rendered":"<p>Am heutigen Sonntag bestritt die mU12 ihren Saisonauftakt in der heimischen Karl-Weiland-Halle.<\/p>\n<p>Mit dem HC Ludwigsburg III erwartete die SUEBIA Jungs ein v\u00f6llig unbekannter Gegner. Ein schnelles Tor in den ersten 30 Sekunden f\u00fcr die G\u00e4ste brachte unsere Jungs nicht aus dem Konzept, das eigene Aufbauspiel wurde meist gut umgesetzt, die Abwehr stand zudem sehr sicher. Mit einem sch\u00f6nen Konter \u00fcber die rechte Seite erzielte dann Bennet das verdiente 1:1 Unentschieden.<\/p>\n<p>Die zweite Halbzeit war sehr taktisch gepr\u00e4gt, keine Mannschaft konnte das Spiel bis zum Ende wirklich kontrollieren. Nach einem Ballverlust setzte der HCL zu einem Konter an, diese wurde letztendlich erst auf der Torlinie von Bennet im Liegen beendet. Den f\u00e4lligen 7-Meter hielt unser sehr guter Torh\u00fcter Alexander aber souver\u00e4n. Somit trennten sich die Mannschaften mit einem \u00a0gerechten 1:1 nach 20 Minuten.<\/p>\n<p>Mit dem SSV Ulm traf man im zweiten Spiel auf einen bekannten Gegner. Auch hier konnten die SUEBEN mit einem Tor von Frank den absolut verdienten Ausgleichen noch vor der Halbzeit erzielen. Das schnelle Spiel des HCSA mit Hilfe des Selfpass wurde ab und zu in der 2. HZ \u00fcbertrieben, dennoch kam es auf beiden Seiten nicht wirklich zu klaren Torchancen. Auch dieses Spiel endete mit einem gerechten 1:1 Unentschieden.<\/p>\n<p>In beiden Spielen zeigte das junge Team von SUEBIA sehr gute taktische Ans\u00e4tze, eine weitere Steigerung in den kommenden Spielen besonders im Aufbauspiel muss das Ziel sein.<\/p>\n<p>Ein besonderer Dank geht an die beiden Aalener Schiedsrichter Leon und Roland f\u00fcr das sehr souver\u00e4ne Pfeifen, an alle Helfer bei der Bewirtschaftung und f\u00fcr die Hilfe bei der \u00a0Umsetzung der Corona-Bestimmungen am heutigen Heimspieltag.<\/p>\n","protected":false},"excerpt":{"rendered":"<p>Am heutigen Sonntag bestritt die mU12 ihren Saisonauftakt in der heimischen Karl-Weiland-Halle. Mit dem HC Ludwigsburg III erwartete die SUEBIA Jungs ein v\u00f6llig unbekannter Gegner. Ein schnelles Tor in den &hellip; <\/p>\n","protected":false},"author":21,"featured_media":5611,"comment_status":"closed","ping_status":"closed","sticky":false,"template":"","format":"standard","meta":{"footnotes":""},"categories":[5],"tags":[],"class_list":["post-5609","post","type-post","status-publish","format-standard","has-post-thumbnail","hentry","category-verein-verein"],"_links":{"self":[{"href":"https:\/\/www.hockey-aalen.de\/w9\/index.php\/wp-json\/wp\/v2\/posts\/5609","targetHints":{"allow":["GET"]}}],"collection":[{"href":"https:\/\/www.hockey-aalen.de\/w9\/index.php\/wp-json\/wp\/v2\/posts"}],"about":[{"href":"https:\/\/www.hockey-aalen.de\/w9\/index.php\/wp-json\/wp\/v2\/types\/post"}],"author":[{"embeddable":true,"href":"https:\/\/www.hockey-aalen.de\/w9\/index.php\/wp-json\/wp\/v2\/users\/21"}],"replies":[{"embeddable":true,"href":"https:\/\/www.hockey-aalen.de\/w9\/index.php\/wp-json\/wp\/v2\/comments?post=5609"}],"version-history":[{"count":6,"href":"https:\/\/www.hockey-aalen.de\/w9\/index.php\/wp-json\/wp\/v2\/posts\/5609\/revisions"}],"predecessor-version":[{"id":5617,"href":"https:\/\/www.hockey-aalen.de\/w9\/index.php\/wp-json\/wp\/v2\/posts\/5609\/revisions\/5617"}],"wp:featuredmedia":[{"embeddable":true,"href":"https:\/\/www.hockey-aalen.de\/w9\/index.php\/wp-json\/wp\/v2\/media\/5611"}],"wp:attachment":[{"href":"https:\/\/www.hockey-aalen.de\/w9\/index.php\/wp-json\/wp\/v2\/media?parent=5609"}],"wp:term":[{"taxonomy":"category","embeddable":true,"href":"https:\/\/www.hockey-aalen.de\/w9\/index.php\/wp-json\/wp\/v2\/categories?post=5609"},{"taxonomy":"post_tag","embeddable":true,"href":"https:\/\/www.hockey-aalen.de\/w9\/index.php\/wp-json\/wp\/v2\/tags?post=5609"}],"curies":[{"name":"wp","href":"https:\/\/api.w.org\/{rel}","templated":true}]}}