{"id":7475,"date":"2023-03-22T22:42:45","date_gmt":"2023-03-22T21:42:45","guid":{"rendered":"https:\/\/www.hockey-aalen.de\/w9\/?p=7475"},"modified":"2023-03-22T22:47:51","modified_gmt":"2023-03-22T21:47:51","slug":"saisonabschluss-der-weiblichen-u12-und-u14","status":"publish","type":"post","link":"https:\/\/www.hockey-aalen.de\/w9\/index.php\/2023\/03\/22\/saisonabschluss-der-weiblichen-u12-und-u14\/","title":{"rendered":"Saisonabschluss der weiblichen U12 und U14"},"content":{"rendered":"<p>Statt &#8222;Lauftraining am Dienstag&#8220; gab es diesen Dienstag f\u00fcr die M\u00e4dels der weiblichen U12 und U14 die Feier zum Saisonabschluss und zur Verabschiedung der baldigen U16 M\u00e4dels.<\/p>\n<p>Dazu fanden sich um 17:30 Uhr 26 M\u00e4dels im Jugendtreff des Weststadtzentrums zusammen und warteten zun\u00e4chst sehns\u00fcchtig auf ihre Trainerin Mila.<\/p>\n<p>Sie organisierte zur Auflockerung auch direkt das erste Spiel. Ein Klassiker: &#8222;Schokolade auspacken (mit Messer, Gabel, Schal, Handschuhen, &#8230;)&#8220;. Als alle drei Teams die Schokolade vernichtet hatten, war auch schon die Tischtennisplatte aufgebaut und es wurde ein Riesenrundlauf gestartet.<\/p>\n<p><img loading=\"lazy\" decoding=\"async\" class=\"\" src=\"https:\/\/www.hockey-aalen.de\/w9\/wp-content\/uploads\/2023\/03\/Saisonabschluss-1-scaled.jpg\" width=\"1141\" height=\"765\" \/><\/p>\n<p>Dieser konnte nur durch eine Pizzalieferung gestoppt werden. Als alle ges\u00e4ttigt waren, starten wir mit dem R\u00fcckblick auf eine sehr erfolgreiche Hockeysaison. Dank des sehr gut ausgestatteten Jugendtreffs gab es eine gro\u00dfe Leinwand auf der wir per Beamer eine Pr\u00e4sentation mit zahlreichen Bildern der Saison anschauten.<br \/>\nZahlreiche Sofas und Barhocker boten zudem ein angenehmes Ambiente. Bei vielen Folien konnte man sich noch mal an Spiele ohne Auswechselspieler, verzweifelte Gegner, viele gewonnene Spiele, aber auch ein paar verlorene erinnern. Nat\u00fcrlich durfte auch das von Lara W. legend\u00e4r mit dem Oberschenkel abgewehrte Tor und der von Lara O. anschlie\u00dfend gehaltene Siebenmeter nicht fehlen. Zumal er von Walter auch noch mal vorbildlich dargestellt wurde. Neben Spielen und Medaillen blicken wir aber auch auf Aktionen wie Weihnachtshockey, &#8222;Jugend trainiert f\u00fcr Olympia&#8220;, Faschings-Hockey, dem &#8222;Lauftreff am Dienstag&#8220; und Milas 18. Geburtstag<br \/>\nzur\u00fcck.<\/p>\n<p><img loading=\"lazy\" decoding=\"async\" class=\"\" src=\"https:\/\/www.hockey-aalen.de\/w9\/wp-content\/uploads\/2023\/03\/Saisonabschluss-2-scaled.jpg\" width=\"1138\" height=\"692\" \/><\/p>\n<p>Die letzten Folien widmeten sich den baldigen U16 Spielerinnen und wie sie noch zu U10 und U12 Zeiten aussahen. An dieser Stellen noch mal einen ganz herzlichen Dank an Axelle, Anca, Lara O., Lara W. und Leni f\u00fcr euren tollen und auch erfolgreichen Einsatz f\u00fcr das U12 und U14 Team. Wir w\u00fcnschen euch weiterhin viel Erfolg.<\/p>\n<p><img loading=\"lazy\" decoding=\"async\" class=\"\" src=\"https:\/\/www.hockey-aalen.de\/w9\/wp-content\/uploads\/2023\/03\/Saisonabschluss-4-scaled.jpg\" width=\"1142\" height=\"755\" \/><\/p>\n<p>Danach blieb noch etwas Zeit bis die Eltern auch schon zum Abholen kamen. Dies nutzten wir dann auch um uns noch mal bei Andrea zu bedanken, welche die letzten Jahre f\u00fcr die U14 als Teammanagerin fungierte. Das zweite Margeritenb\u00fcschchen geht an Melanie B., welche uns als Teammanagerin erhalten bleibt, da sie von den U12 zu den U14 mit hochwechselt.<\/p>\n<p>Neben den Teammanagerinnen, wollen wir uns auch noch mal recht herzlich bei allen Spielerinnen, Eltern und bei Manu f\u00fcr das Lauftraining bedanken.<\/p>\n<p>Zudem danken wir auch Frau Weiland vom Weststadtzentrum f\u00fcr die unkomplizierte Vermietung und Bereitstellung der tollen R\u00e4umlichkeiten.<\/p>\n<p>Wir blicken auf eine erfolgreichen Saison zur\u00fcck und freuen uns nun auf eine neue Feldsaison und auf die Neuzug\u00e4nge der U10.<\/p>\n<p>Euer Marc S.<\/p>\n","protected":false},"excerpt":{"rendered":"<p>Statt &#8222;Lauftraining am Dienstag&#8220; gab es diesen Dienstag f\u00fcr die M\u00e4dels der weiblichen U12 und U14 die Feier zum Saisonabschluss und zur Verabschiedung der baldigen U16 M\u00e4dels. Dazu fanden sich &hellip; <\/p>\n","protected":false},"author":7,"featured_media":7480,"comment_status":"closed","ping_status":"closed","sticky":false,"template":"","format":"standard","meta":{"footnotes":""},"categories":[4,5,7,9],"tags":[],"class_list":["post-7475","post","type-post","status-publish","format-standard","has-post-thumbnail","hentry","category-hauptmenue","category-verein-verein","category-maedchen-b","category-maedchen-a"],"_links":{"self":[{"href":"https:\/\/www.hockey-aalen.de\/w9\/index.php\/wp-json\/wp\/v2\/posts\/7475","targetHints":{"allow":["GET"]}}],"collection":[{"href":"https:\/\/www.hockey-aalen.de\/w9\/index.php\/wp-json\/wp\/v2\/posts"}],"about":[{"href":"https:\/\/www.hockey-aalen.de\/w9\/index.php\/wp-json\/wp\/v2\/types\/post"}],"author":[{"embeddable":true,"href":"https:\/\/www.hockey-aalen.de\/w9\/index.php\/wp-json\/wp\/v2\/users\/7"}],"replies":[{"embeddable":true,"href":"https:\/\/www.hockey-aalen.de\/w9\/index.php\/wp-json\/wp\/v2\/comments?post=7475"}],"version-history":[{"count":12,"href":"https:\/\/www.hockey-aalen.de\/w9\/index.php\/wp-json\/wp\/v2\/posts\/7475\/revisions"}],"predecessor-version":[{"id":7491,"href":"https:\/\/www.hockey-aalen.de\/w9\/index.php\/wp-json\/wp\/v2\/posts\/7475\/revisions\/7491"}],"wp:featuredmedia":[{"embeddable":true,"href":"https:\/\/www.hockey-aalen.de\/w9\/index.php\/wp-json\/wp\/v2\/media\/7480"}],"wp:attachment":[{"href":"https:\/\/www.hockey-aalen.de\/w9\/index.php\/wp-json\/wp\/v2\/media?parent=7475"}],"wp:term":[{"taxonomy":"category","embeddable":true,"href":"https:\/\/www.hockey-aalen.de\/w9\/index.php\/wp-json\/wp\/v2\/categories?post=7475"},{"taxonomy":"post_tag","embeddable":true,"href":"https:\/\/www.hockey-aalen.de\/w9\/index.php\/wp-json\/wp\/v2\/tags?post=7475"}],"curies":[{"name":"wp","href":"https:\/\/api.w.org\/{rel}","templated":true}]}}